{"id":25604,"date":"2026-04-29T16:49:55","date_gmt":"2026-04-29T16:49:55","guid":{"rendered":"https:\/\/reward.pt\/?p=25604"},"modified":"2026-04-29T16:51:34","modified_gmt":"2026-04-29T16:51:34","slug":"ptrr-reforcar-resiliencia-portugal-apos-tempestades-2026","status":"publish","type":"post","link":"https:\/\/reward.pt\/en\/ptrr-reforcar-resiliencia-portugal-apos-tempestades-2026\/","title":{"rendered":"Governo apresenta PTRR para refor\u00e7ar resili\u00eancia de Portugal ap\u00f3s tempestades de 2026"},"content":{"rendered":"<p>O Governo de Portugal apresentou o PTRR, ou Plano de Transforma\u00e7\u00e3o e Resili\u00eancia e Recupera\u00e7\u00e3o, um programa destinado \u00e0 recupera\u00e7\u00e3o dos danos causados pelas tempestades de 2026 e preparar o pa\u00eds para futuros eventos clim\u00e1ticos extremos, falhas e riscos estruturais.<\/p>\n\n\n\n<p>O PTRR tem uma dota\u00e7\u00e3o global de 22,6 mil milh\u00f5es, dos quais 37% adv\u00e9m de financiamento p\u00fablico nacional, 34% s\u00e3o provenientes de investimento privado e 19% de fundos europeus. O programa tem um horizonte de execu\u00e7\u00e3o de 9 anos.<\/p>\n\n\n\n<p>As tempestades que se fizeram sentir em Portugal entre janeiro e fevereiro 2026, resultaram em preju\u00edzos estimados em cerca de 5,3 mil milh\u00f5es e afetaram infraestruturas, habita\u00e7\u00f5es, capacidade produtiva e ativos naturais. O PTRR tem uma l\u00f3gica de transforma\u00e7\u00e3o que ultrapassa \u00e0 reposi\u00e7\u00e3o dos danos, uma l\u00f3gica de:<\/p>\n\n\n\n<ul class=\"wp-block-list\">\n<li>Continuidade de servi\u00e7os essenciais<\/li>\n\n\n\n<li>Robustez de infraestruturas nacionais<\/li>\n\n\n\n<li>Capacidade de resposta a emerg\u00eancias<\/li>\n\n\n\n<li>Redu\u00e7\u00e3o de exposi\u00e7\u00e3o a riscos sist\u00e9micos<\/li>\n<\/ul>\n\n\n\n<p>O PTRR tr\u00e1s consigo uma reconfigura\u00e7\u00e3o do modelo de resposta face a emerg\u00eancias, de forma a garantir previsibilidade e capacidade de atua\u00e7\u00e3o em escala. Ser\u00e1 criado um fundo para cat\u00e1strofes naturais e s\u00edsmicas, ser\u00e1 implementado um seguro obrigat\u00f3rio para habita\u00e7\u00f5es com mecanismo de solidariedade e refor\u00e7ada a capacidade da Prote\u00e7\u00e3o Civil e INEM. Ser\u00e1 ainda criada uma rede nacional de alojamento de emerg\u00eancia e modernizados os sistemas de alerta p\u00fablico, com difus\u00e3o segmentada de mensagens em tempo real para reduzir o tempo de rea\u00e7\u00e3o e aumentar a cobertura da popula\u00e7\u00e3o.<\/p>\n\n\n\n<div style=\"height:45px\" aria-hidden=\"true\" class=\"wp-block-spacer\"><\/div>\n\n\n\n<h2 class=\"wp-block-heading\">Estrutura e 20 medidas \u201cProteger\u201d e \u201cResponder\u201d do PTRR<\/h2>\n\n\n\n<p>Existem 3 pilares principais na estrutura do Plano de Transforma\u00e7\u00e3o e Resili\u00eancia e Recupera\u00e7\u00e3o. Eles s\u00e3o \u201cRecuperar\u201d, \u201cProteger\u201d e \u201cResponder\u201d. Esses 3 pilares re\u00fanem entre si 15 dom\u00ednios de interven\u00e7\u00e3o.<\/p>\n\n\n\n<p><strong>Recuperar<\/strong> \u2013 Inclui medidas de apoio imediato a pessoas, a empresas e outras institui\u00e7\u00f5es afetadas, tal como tamb\u00e9m a\u00e7\u00f5es de reconstru\u00e7\u00e3o (que j\u00e1 est\u00e3o em curso desde fevereiro 2026).<\/p>\n\n\n\n<p><strong>Proteger<\/strong> \u2013 Tem 61 reformas e investimentos orientados para refor\u00e7ar a resili\u00eancia de infraestruturas, redes cr\u00edticas, territ\u00f3rio e tecido econ\u00f3mico (com dota\u00e7\u00e3o de aproximadamente 15 mil milh\u00f5es de euros).<\/p>\n\n\n\n<p><strong>Responder<\/strong> \u2013 Integra 24 medidas de capacidade de rea\u00e7\u00e3o a cat\u00e1strofes, altera\u00e7\u00f5es no modelo de cobertura de risco e refor\u00e7o dos sistemas de emerg\u00eancia (com investimento de aproximadamente 2,3 mil milh\u00f5es de euros.<\/p>\n\n\n\n<p><\/p>\n\n\n\n<p>Relativamente \u00e0s principais medidas &#8220;Proteger&#8221; e &#8220;Responder, elas s\u00e3o:<\/p>\n\n\n\n<ol class=\"wp-block-list\">\n<li>Fundo de cat\u00e1strofes naturais e s\u00edsmicas, com reforma do regime de cobertura de riscos e cria\u00e7\u00e3o de seguro obrigat\u00f3rio para habita\u00e7\u00f5es, apoiado por mecanismo de solidariedade para garantir acesso universal;<\/li>\n\n\n\n<li>Refor\u00e7o da capacidade t\u00e9cnica e operacional da Prote\u00e7\u00e3o Civil;<\/li>\n\n\n\n<li>Reformas do Sistema Nacional de Prote\u00e7\u00e3o Civil e do INEM<\/li>\n\n\n\n<li>Programa \u201cFreguesias Ligadas\u201d (comunica\u00e7\u00f5es redundantes em todas as freguesias)<\/li>\n\n\n\n<li>Reforma do sistema nacional de comunica\u00e7\u00f5es de emerg\u00eancia (SIRESP) e implementa\u00e7\u00e3o do sistema de alerta p\u00fablico Cell Broadcast<\/li>\n\n\n\n<li>Rede Cr\u00edtica Resiliente de R\u00e1dio hertziana e Disaster Recovery Hub, com capacidade para difus\u00e3o de mensagens espec\u00edficas de emerg\u00eancia\u00a0<\/li>\n\n\n\n<li>Nova Lei da Calamidade para regular os apoios e a gest\u00e3o da situa\u00e7\u00e3o em circunst\u00e2ncias excecionais\u00a0<\/li>\n\n\n\n<li>Sistema nacional de alojamento de emerg\u00eancia\u00a0<\/li>\n\n\n\n<li>Alargamento do Fundo de Emerg\u00eancia Municipal\u00a0<\/li>\n\n\n\n<li>Reserva nacional de medicamentos e dispositivos m\u00e9dicos cr\u00edticos<\/li>\n\n\n\n<li>Constru\u00e7\u00e3o de barragens estruturantes e centenas de charcas e pequenos aproveitamentos hidroagr\u00edcolas \u2013 \u201c\u00c1gua que Une\u201d<\/li>\n\n\n\n<li>Refor\u00e7o e moderniza\u00e7\u00e3o das redes el\u00e9tricas e de g\u00e1s\u00a0<\/li>\n\n\n\n<li>Acelera\u00e7\u00e3o da produ\u00e7\u00e3o descentralizada e do armazenamento de energia\u00a0<\/li>\n\n\n\n<li>Refor\u00e7o da ciberseguran\u00e7a e resili\u00eancia digital do Estado<\/li>\n\n\n\n<li>Reservas estrat\u00e9gicas, silos alimentares e rede de frio\u00a0<\/li>\n\n\n\n<li>Agenda nacional para o desenvolvimento e a fixa\u00e7\u00e3o populacional nos territ\u00f3rios de baixa densidade<\/li>\n\n\n\n<li>Desenvolvimento de parques tecnol\u00f3gicos e \u00e1reas de expans\u00e3o empresarial<\/li>\n\n\n\n<li>Defesa costeira contra eros\u00e3o e cria\u00e7\u00e3o de um sistema de radares oce\u00e2nicos<\/li>\n\n\n\n<li>Redu\u00e7\u00e3o estrutural da carga combust\u00edvel nas florestas e prote\u00e7\u00e3o das aldeias<\/li>\n\n\n\n<li>Investimento em capacidade de resili\u00eancia energ\u00e9tica e de comunica\u00e7\u00f5es das infraestruturas cr\u00edticas e de servi\u00e7os essenciais<\/li>\n<\/ol>","protected":false},"excerpt":{"rendered":"<p>O Governo de Portugal apresentou o PTRR, ou Plano de Transforma\u00e7\u00e3o e Resili\u00eancia e Recupera\u00e7\u00e3o, um programa destinado \u00e0 recupera\u00e7\u00e3o dos danos causados pelas tempestades de 2026 e preparar o pa\u00eds para futuros eventos clim\u00e1ticos extremos, falhas e riscos estruturais. O PTRR tem uma dota\u00e7\u00e3o global de 22,6 mil milh\u00f5es, dos quais 37% adv\u00e9m de [&hellip;]<\/p>","protected":false},"author":2,"featured_media":25605,"comment_status":"open","ping_status":"open","sticky":false,"template":"","format":"standard","meta":{"_acf_changed":false,"footnotes":""},"categories":[809,8,27],"tags":[1769],"class_list":["post-25604","post","type-post","status-publish","format-standard","has-post-thumbnail","hentry","category-destaque","category-empreendedorismo","category-empresas","tag-ptrr"],"acf":[],"_links":{"self":[{"href":"https:\/\/reward.pt\/en\/wp-json\/wp\/v2\/posts\/25604","targetHints":{"allow":["GET"]}}],"collection":[{"href":"https:\/\/reward.pt\/en\/wp-json\/wp\/v2\/posts"}],"about":[{"href":"https:\/\/reward.pt\/en\/wp-json\/wp\/v2\/types\/post"}],"author":[{"embeddable":true,"href":"https:\/\/reward.pt\/en\/wp-json\/wp\/v2\/users\/2"}],"replies":[{"embeddable":true,"href":"https:\/\/reward.pt\/en\/wp-json\/wp\/v2\/comments?post=25604"}],"version-history":[{"count":1,"href":"https:\/\/reward.pt\/en\/wp-json\/wp\/v2\/posts\/25604\/revisions"}],"predecessor-version":[{"id":25606,"href":"https:\/\/reward.pt\/en\/wp-json\/wp\/v2\/posts\/25604\/revisions\/25606"}],"wp:featuredmedia":[{"embeddable":true,"href":"https:\/\/reward.pt\/en\/wp-json\/wp\/v2\/media\/25605"}],"wp:attachment":[{"href":"https:\/\/reward.pt\/en\/wp-json\/wp\/v2\/media?parent=25604"}],"wp:term":[{"taxonomy":"category","embeddable":true,"href":"https:\/\/reward.pt\/en\/wp-json\/wp\/v2\/categories?post=25604"},{"taxonomy":"post_tag","embeddable":true,"href":"https:\/\/reward.pt\/en\/wp-json\/wp\/v2\/tags?post=25604"}],"curies":[{"name":"wp","href":"https:\/\/api.w.org\/{rel}","templated":true}]}}